{"id":1993,"date":"2019-11-29T12:09:17","date_gmt":"2019-11-29T11:09:17","guid":{"rendered":"https:\/\/termine.lhhh.de\/?p=1993"},"modified":"2019-11-29T12:09:17","modified_gmt":"2019-11-29T11:09:17","slug":"selbsthilfegruppe-flucht-und-behinderung","status":"publish","type":"post","link":"https:\/\/termine.lhhh.de\/?p=1993","title":{"rendered":"Selbsthilfegruppe Flucht und Behinderung"},"content":{"rendered":"<div class=\"tribe-events-single-event-description tribe-events-content entry-content description\">\n<div class=\"tribe-events-single-event-description tribe-events-content entry-content description\">\n<p>Ein Mal im Monat trifft sich unsere Selbsthilfegruppe von gefl\u00fcchteten Menschen mit Behinderung und ihren Angeh\u00f6rigen.<\/p>\n<p>Wir machen Ausfl\u00fcge oder treffen uns zum Austausch.<\/p>\n<p>Am Freitag den 06.12.2019 backen wir gemeinsam Kekse.<\/p>\n<p>Wir reden \u00fcber Probleme und unseren Alltag<\/p>\n<p>Wir wollen die n\u00e4chsten Termine und Ausfl\u00fcge planen.<\/p>\n<p>Wir sprechen: Deutsch\/ \u0627\u0644\u0639\u0631\u0628\u064a\u0629 \/ \u0440\u0443\u0441\u0441\u043a\u0438\u0439 \u00a0\/\u00a0\u00a0 \u0632\u0628\u0627\u0646 \u0641\u0627\u0631\u0633\u06cc<\/p>\n<p>Weitere Sprachen sind auf Anfrage m\u00f6glich.<\/p>\n<p>&nbsp;<\/p>\n<p>Die Gruppe ist offen f\u00fcr neue Teilnehmer. Wir bitten um kurze Anmeldung: <a href=\"mailto:Gesa.Mueller@LHHH.de\">Gesa.Mueller@LHHH.de<\/a>.<\/p>\n<\/div>\n<\/div>\n<div class=\"tribe-events-cal-links\"><\/div>\n","protected":false},"excerpt":{"rendered":"<p>Ein Mal im Monat trifft sich unsere Selbsthilfegruppe von gefl\u00fcchteten Menschen mit Behinderung und ihren Angeh\u00f6rigen. Wir machen Ausfl\u00fcge oder treffen uns zum Austausch. Am Freitag den 06.12.2019 backen wir gemeinsam Kekse. Wir reden \u00fcber Probleme und unseren Alltag Wir wollen die n\u00e4chsten Termine und Ausfl\u00fcge planen. Wir sprechen: Deutsch\/ \u0627\u0644\u0639\u0631\u0628\u064a\u0629 \/ \u0440\u0443\u0441\u0441\u043a\u0438\u0439 \u00a0\/\u00a0\u00a0 \u0632\u0628\u0627\u0646  [&#8230;]<\/p>\n","protected":false},"author":1,"featured_media":1231,"comment_status":"open","ping_status":"open","sticky":false,"template":"","format":"standard","meta":{"_price":"","_stock":"","_tribe_ticket_header":"","_tribe_default_ticket_provider":"","_tribe_ticket_capacity":"0","_ticket_start_date":"","_ticket_end_date":"","_tribe_ticket_show_description":"","_tribe_ticket_show_not_going":false,"_tribe_ticket_use_global_stock":"","_tribe_ticket_global_stock_level":"","_global_stock_mode":"","_global_stock_cap":"","_tribe_rsvp_for_event":"","_tribe_ticket_going_count":"","_tribe_ticket_not_going_count":"","_tribe_tickets_list":"[]","_tribe_ticket_has_attendee_info_fields":false,"footnotes":""},"categories":[1],"tags":[56,14,34,11,117,100,55,13],"class_list":["post-1993","post","type-post","status-publish","format-standard","has-post-thumbnail","hentry","category-allgemein","tag-behinderung","tag-gefluechtete","tag-hamburg","tag-inklusion","tag-lebenshilfe-hamburg","tag-menschen-mit-behinderung","tag-selbsthilfe","tag-zuflucht"],"_links":{"self":[{"href":"https:\/\/termine.lhhh.de\/index.php?rest_route=\/wp\/v2\/posts\/1993","targetHints":{"allow":["GET"]}}],"collection":[{"href":"https:\/\/termine.lhhh.de\/index.php?rest_route=\/wp\/v2\/posts"}],"about":[{"href":"https:\/\/termine.lhhh.de\/index.php?rest_route=\/wp\/v2\/types\/post"}],"author":[{"embeddable":true,"href":"https:\/\/termine.lhhh.de\/index.php?rest_route=\/wp\/v2\/users\/1"}],"replies":[{"embeddable":true,"href":"https:\/\/termine.lhhh.de\/index.php?rest_route=%2Fwp%2Fv2%2Fcomments&post=1993"}],"version-history":[{"count":3,"href":"https:\/\/termine.lhhh.de\/index.php?rest_route=\/wp\/v2\/posts\/1993\/revisions"}],"predecessor-version":[{"id":2000,"href":"https:\/\/termine.lhhh.de\/index.php?rest_route=\/wp\/v2\/posts\/1993\/revisions\/2000"}],"wp:featuredmedia":[{"embeddable":true,"href":"https:\/\/termine.lhhh.de\/index.php?rest_route=\/wp\/v2\/media\/1231"}],"wp:attachment":[{"href":"https:\/\/termine.lhhh.de\/index.php?rest_route=%2Fwp%2Fv2%2Fmedia&parent=1993"}],"wp:term":[{"taxonomy":"category","embeddable":true,"href":"https:\/\/termine.lhhh.de\/index.php?rest_route=%2Fwp%2Fv2%2Fcategories&post=1993"},{"taxonomy":"post_tag","embeddable":true,"href":"https:\/\/termine.lhhh.de\/index.php?rest_route=%2Fwp%2Fv2%2Ftags&post=1993"}],"curies":[{"name":"wp","href":"https:\/\/api.w.org\/{rel}","templated":true}]}}